{"id":8269,"date":"2022-12-11T17:31:16","date_gmt":"2022-12-11T16:31:16","guid":{"rendered":"https:\/\/bitzen-online.de\/wp\/?p=8269"},"modified":"2025-04-19T20:33:01","modified_gmt":"2025-04-19T18:33:01","slug":"2022-12-11-fristverlaengerung-deutsche-glasfaser","status":"publish","type":"post","link":"https:\/\/bitzen-online.de\/wp\/?p=8269","title":{"rendered":"2022\/12\/11 &#8211; Fristverl\u00e4ngerung Deutsche Glasfaser"},"content":{"rendered":"<p>[et_pb_section fb_built=&#8220;1&#8243; _builder_version=&#8220;4.16&#8243; global_colors_info=&#8220;{}&#8220;][et_pb_row _builder_version=&#8220;4.16&#8243; custom_padding=&#8220;0px||0px||false|false&#8220; global_colors_info=&#8220;{}&#8220;][et_pb_column type=&#8220;4_4&#8243; _builder_version=&#8220;4.16&#8243; global_colors_info=&#8220;{}&#8220;][et_pb_text admin_label=&#8220;\u00dcberschrift&#8220; _builder_version=&#8220;4.19.2&#8243; custom_padding=&#8220;||1px|||&#8220; global_colors_info=&#8220;{}&#8220;]<\/p>\n<p><span style=\"font-size: large;\"><strong>Deutsche Glasfaser erm\u00f6glicht weiterhin Vertragsabschl\u00fcsse bis 31.Dezember<\/strong><\/span><\/p>\n<p>[\/et_pb_text][et_pb_text disabled_on=&#8220;off|off|off&#8220; _builder_version=&#8220;4.19.2&#8243; max_width=&#8220;97%&#8220; custom_padding=&#8220;0px||0px||false|false&#8220; global_colors_info=&#8220;{}&#8220;]<\/p>\n<div class=\"x11i5rnm xat24cr x1mh8g0r x1vvkbs xtlvy1s x126k92a\">\n<div dir=\"auto\" style=\"text-align: justify;\">Kreis Altenkirchen. Urspr\u00fcnglich sollte am 3. Dezember die Nachfrageb\u00fcndelung der Deutschen Glasfaser in 50 Orten im Landkreis Altenkirchen enden. Das Unternehmn hat sich jedoch dazu entschieden, die Frist f\u00fcr alle potentiellen Ausbaugebiete auf den 31. Dezember zu verl\u00e4ngern. Damit m\u00f6chte man insbesondere den B\u00fcrgern in den Ortsgemeinden mit weniger als 33 Prozent die M\u00f6glichkeit offen halten, ein <span><a tabindex=\"-1\"><\/a><\/span>Glasfasernetz von der Deutschen Glasfaser zu erhalten.<\/div>\n<\/div>\n<div class=\"x11i5rnm xat24cr x1mh8g0r x1vvkbs xtlvy1s x126k92a\" style=\"text-align: justify;\">\n<div dir=\"auto\">Aktuell (Stand: 9. Dezember) haben 31 der 50 Kommunen im Landkreis Altenkirchen die von der Deutschen Glasfaser festgelegte Quote von 33 Prozent erreicht. Die Situation im Kreisgebiet kann unter <span><a class=\"x1i10hfl xjbqb8w x6umtig x1b1mbwd xaqea5y xav7gou x9f619 x1ypdohk xt0psk2 xe8uvvx xdj266r x11i5rnm xat24cr x1mh8g0r xexx8yu x4uap5 x18d9i69 xkhd6sd x16tdsg8 x1hl2dhg xggy1nq x1a2a7pz xt0b8zv x1fey0fg\" href=\"https:\/\/glasfaser-ak.de\/stand-vertragsbuchungen-deutsche-glasfaser?fbclid=IwAR3KQdXl_KyOLTxaGlFz6jZoAhZifJn_WOPRQ02G5uBUKjSt8oLIpiVY-g0\" rel=\"nofollow noopener\" role=\"link\" target=\"_blank\" tabindex=\"0\">https:\/\/glasfaser-ak.de\/stand-vertragsbuchungen-deutsche&#8230;<\/a><\/span> abgerufen werden.<\/div>\n<\/div>\n<div class=\"x11i5rnm xat24cr x1mh8g0r x1vvkbs xtlvy1s x126k92a\">\n<div dir=\"auto\" style=\"text-align: justify;\">Interessierte B\u00fcrger k\u00f6nnen sich wie folgt \u00fcber die Produkte der Deutschen Glasfaser informieren:<\/div>\n<div dir=\"auto\" style=\"text-align: justify;\"><span><a class=\"x1i10hfl xjbqb8w x6umtig x1b1mbwd xaqea5y xav7gou x9f619 x1ypdohk xt0psk2 xe8uvvx xdj266r x11i5rnm xat24cr x1mh8g0r xexx8yu x4uap5 x18d9i69 xkhd6sd x16tdsg8 x1hl2dhg xggy1nq x1a2a7pz xt0b8zv x1fey0fg\" href=\"http:\/\/www.deutsche-glasfaser.de\/?fbclid=IwAR2BWhd3hYmpF3044L6VbI68kKKaUzTbaiAHY8lZKOj7qRo_2hoGpmwPT6E\" rel=\"nofollow noopener\" role=\"link\" target=\"_blank\" tabindex=\"0\">www.deutsche-glasfaser.de<\/a><\/span> oder<\/div>\n<div dir=\"auto\" style=\"text-align: justify;\"><span><a class=\"x1i10hfl xjbqb8w x6umtig x1b1mbwd xaqea5y xav7gou x9f619 x1ypdohk xt0psk2 xe8uvvx xdj266r x11i5rnm xat24cr x1mh8g0r xexx8yu x4uap5 x18d9i69 xkhd6sd x16tdsg8 x1hl2dhg xggy1nq x1a2a7pz xt0b8zv x1fey0fg\" href=\"https:\/\/l.facebook.com\/l.php?u=https%3A%2F%2Fglasfaser-ak.de%2Finformationsmoeglichkeiten-deutsche-glasfaser%3Ffbclid%3DIwAR167nZnPcHccCLTUO7bp0fGlzHKQ0cYK26_m4V7rSzqAkQiJsECtYDbnOM&amp;h=AT0qJJWShbO9CDXwG9IRalZrZNItsJ3g3QssUCxCafi9RgSnP0C4ittRGYXmpznZlC1dCCu16NtWcWQcxIs672pTyt5r3RNhDANT386EpR6ze3u8Xbbkr35673QpKGdSyE0JPcqrON20K6M41sDd&amp;__tn__=-UK-R&amp;c[0]=AT1m49bKWlPRKIJq2lD_bSJfWMGwEG8TrS5xp3hrrCj5Z7GMYUwkU47brxg6lfKOjQ7eYmdfgI1fo61pTaRuS3ACmX7izMjMU6ilh0h-yhPknt_UjIBUBZiipPWmDRmz1zlOLqFOjZvfOCXw1vPRSNVhaTwWgg\" rel=\"nofollow noopener\" role=\"link\" target=\"_blank\" tabindex=\"0\">https:\/\/glasfaser-ak.de\/informationsmoeglichkeiten&#8230;<\/a><\/span>.<\/div>\n<div dir=\"auto\" style=\"text-align: justify;\">Dar\u00fcber hinaus teilte die Deutsche Glasfaser mit, dass vereinzelt auch noch Vertriebsteams \u201ean der Haust\u00fcr\u201c informieren, hier jedoch aufgrund der hohen Anzahl nicht mehr jeder Haushalt mit einer pers\u00f6nlichen Beratung rechnen kann.<\/div>\n<\/div>\n<p>[\/et_pb_text][\/et_pb_column][\/et_pb_row][\/et_pb_section]<\/p>\n","protected":false},"excerpt":{"rendered":"<p>Deutsche Glasfaser erm\u00f6glicht weiterhin Vertragsabschl\u00fcsse bis 31.Dezember Kreis Altenkirchen. Urspr\u00fcnglich sollte am 3. Dezember die Nachfrageb\u00fcndelung der Deutschen Glasfaser in 50 Orten im Landkreis Altenkirchen enden. Das Unternehmn hat sich jedoch dazu entschieden, die Frist f\u00fcr alle potentiellen Ausbaugebiete auf den 31. Dezember zu verl\u00e4ngern. Damit m\u00f6chte man insbesondere den B\u00fcrgern in den Ortsgemeinden mit [&hellip;]<\/p>\n","protected":false},"author":3,"featured_media":0,"comment_status":"closed","ping_status":"closed","sticky":false,"template":"","format":"standard","meta":{"_et_pb_use_builder":"on","_et_pb_old_content":"","_et_gb_content_width":"","footnotes":""},"categories":[33],"tags":[],"class_list":["post-8269","post","type-post","status-publish","format-standard","hentry","category-archiv"],"_links":{"self":[{"href":"https:\/\/bitzen-online.de\/wp\/index.php?rest_route=\/wp\/v2\/posts\/8269","targetHints":{"allow":["GET"]}}],"collection":[{"href":"https:\/\/bitzen-online.de\/wp\/index.php?rest_route=\/wp\/v2\/posts"}],"about":[{"href":"https:\/\/bitzen-online.de\/wp\/index.php?rest_route=\/wp\/v2\/types\/post"}],"author":[{"embeddable":true,"href":"https:\/\/bitzen-online.de\/wp\/index.php?rest_route=\/wp\/v2\/users\/3"}],"replies":[{"embeddable":true,"href":"https:\/\/bitzen-online.de\/wp\/index.php?rest_route=%2Fwp%2Fv2%2Fcomments&post=8269"}],"version-history":[{"count":10,"href":"https:\/\/bitzen-online.de\/wp\/index.php?rest_route=\/wp\/v2\/posts\/8269\/revisions"}],"predecessor-version":[{"id":8309,"href":"https:\/\/bitzen-online.de\/wp\/index.php?rest_route=\/wp\/v2\/posts\/8269\/revisions\/8309"}],"wp:attachment":[{"href":"https:\/\/bitzen-online.de\/wp\/index.php?rest_route=%2Fwp%2Fv2%2Fmedia&parent=8269"}],"wp:term":[{"taxonomy":"category","embeddable":true,"href":"https:\/\/bitzen-online.de\/wp\/index.php?rest_route=%2Fwp%2Fv2%2Fcategories&post=8269"},{"taxonomy":"post_tag","embeddable":true,"href":"https:\/\/bitzen-online.de\/wp\/index.php?rest_route=%2Fwp%2Fv2%2Ftags&post=8269"}],"curies":[{"name":"wp","href":"https:\/\/api.w.org\/{rel}","templated":true}]}}